{"id":4324,"date":"2024-09-18T09:48:08","date_gmt":"2024-09-18T08:48:08","guid":{"rendered":"https:\/\/reciclajesymetalesperez.com\/?p=4324"},"modified":"2024-09-18T11:51:26","modified_gmt":"2024-09-18T10:51:26","slug":"the-colours-of-recycling","status":"publish","type":"post","link":"https:\/\/reciclajesymetalesperez.com\/en\/the-colours-of-recycling","title":{"rendered":"The colours of recycling: guide to efficient recycling in Mallorca"},"content":{"rendered":"\t\t<div data-elementor-type=\"wp-post\" data-elementor-id=\"4324\" class=\"elementor elementor-4324 elementor-4311\">\n\t\t\t\t\t\t<section class=\"elementor-section elementor-top-section elementor-element elementor-element-1e8ffbf elementor-section-boxed elementor-section-height-default elementor-section-height-default\" data-id=\"1e8ffbf\" data-element_type=\"section\" data-e-type=\"section\">\n\t\t\t\t\t\t<div class=\"elementor-container elementor-column-gap-default\">\n\t\t\t\t\t<div class=\"elementor-column elementor-col-100 elementor-top-column elementor-element elementor-element-2fb7b2d\" data-id=\"2fb7b2d\" data-element_type=\"column\" data-e-type=\"column\">\n\t\t\t<div class=\"elementor-widget-wrap\">\n\t\t\t\t\t\t\t<\/div>\n\t\t<\/div>\n\t\t\t\t\t<\/div>\n\t\t<\/section>\n\t\t\t\t<section class=\"elementor-section elementor-top-section elementor-element elementor-element-581abe83 elementor-section-boxed elementor-section-height-default elementor-section-height-default\" data-id=\"581abe83\" data-element_type=\"section\" data-e-type=\"section\">\n\t\t\t\t\t\t<div class=\"elementor-container elementor-column-gap-default\">\n\t\t\t\t\t<div class=\"elementor-column elementor-col-100 elementor-top-column elementor-element elementor-element-763975da\" data-id=\"763975da\" data-element_type=\"column\" data-e-type=\"column\">\n\t\t\t<div class=\"elementor-widget-wrap elementor-element-populated\">\n\t\t\t\t\t\t<div class=\"elementor-element elementor-element-6f779f1 elementor-widget elementor-widget-image\" data-id=\"6f779f1\" data-element_type=\"widget\" data-e-type=\"widget\" data-widget_type=\"image.default\">\n\t\t\t\t<div class=\"elementor-widget-container\">\n\t\t\t\t\t\t\t\t\t\t\t\t\t\t\t<img fetchpriority=\"high\" decoding=\"async\" width=\"1080\" height=\"1080\" src=\"https:\/\/reciclajesymetalesperez.com\/wp-content\/uploads\/2024\/09\/13-e1726044416355.png\" class=\"attachment-full size-full wp-image-4313\" alt=\"\" \/>\t\t\t\t\t\t\t\t\t\t\t\t\t\t\t<\/div>\n\t\t\t\t<\/div>\n\t\t\t\t<div class=\"elementor-element elementor-element-15bda9d elementor-widget elementor-widget-heading\" data-id=\"15bda9d\" data-element_type=\"widget\" data-e-type=\"widget\" data-widget_type=\"heading.default\">\n\t\t\t\t<div class=\"elementor-widget-container\">\n\t\t\t\t\t<h1 class=\"elementor-heading-title elementor-size-default\">The colours of recycling: guide to efficient recycling in Mallorca<\/h1>\t\t\t\t<\/div>\n\t\t\t\t<\/div>\n\t\t\t\t<div class=\"elementor-element elementor-element-b439af0 elementor-widget-tablet__width-initial elementor-widget elementor-widget-text-editor\" data-id=\"b439af0\" data-element_type=\"widget\" data-e-type=\"widget\" data-widget_type=\"text-editor.default\">\n\t\t\t\t<div class=\"elementor-widget-container\">\n\t\t\t\t\t\t\t\t\t<p>Recycling is a key component of sustainability in any community, and Palma is no exception. To make this task easier, it is essential to understand the <strong>colours of recycling<\/strong>, which indicate the type of waste that should be deposited in each bin. This guide will help you recycle correctly and contribute to environmental protection in Mallorca.<\/p><p>What do the recycling colours mean?<\/p><ol><li><strong>Yellow bin<\/strong>: This is for all <strong>lightweight packaging<\/strong>, such as plastics, cans, and cartons. These items are taken to a sorting plant where they are classified and sent to specialised recycling facilities.<\/li><li><strong>Green bin<\/strong>: This is for all <strong>glass containers<\/strong>. It is important that these containers are empty and without lids. The collected glass undergoes pre-treatment in Mallorca before being exported to produce new products.<\/li><li><strong>Blue bin<\/strong>: This is the place for <strong>paper and cardboard<\/strong>. Recycling paper saves 80% of the water used in production and preserves trees, a vital natural resource.<\/li><li><strong>Brown bin<\/strong>: This bin is for <strong>organic waste<\/strong>. Food scraps and other biodegradable waste are turned into compost, a natural fertiliser that is highly beneficial for agriculture.<\/li><li><strong>Grey bin<\/strong>: This bin is for waste that cannot be recycled in the other categories. This waste, known as &#8220;rejects&#8221;, is incinerated to recover energy.<\/li><\/ol><h2>The role of Reciclajes y Metales P\u00e9rez in recycling<\/h2><p>At <strong>Reciclajes y Metales P\u00e9rez<\/strong>, we not only follow these separation and classification guidelines but also offer specialised services in <a href=\"https:\/\/reciclajesymetalesperez.com\/compraventa-de-metales-y-chatarra\"><strong>metal and scrap buying<\/strong><\/a>. Our mission is to give discarded metals a second life, contributing to the circular economy and reducing environmental impact.<\/p><p>Additionally, we manage the <a href=\"https:\/\/reciclajesymetalesperez.com\/tramitacion-de-baja-de-vehiculos\"><strong>de-registration of vehicles<\/strong><\/a> in Mallorca in a comprehensive manner. We take care of the decontamination and recycling of your vehicle, ensuring compliance with local regulations and protecting the environment.<\/p><p>Knowing and respecting the recycling colours is essential for all of us to contribute to a cleaner and more sustainable environment in Mallorca. At Reciclajes y Metales P\u00e9rez, we are here to help you in this process, offering efficient and sustainable solutions for managing metal waste and other materials.r<\/p>\t\t\t\t\t\t\t\t<\/div>\n\t\t\t\t<\/div>\n\t\t\t\t\t<\/div>\n\t\t<\/div>\n\t\t\t\t\t<\/div>\n\t\t<\/section>\n\t\t\t\t<\/div>\n\t\t\n    <div class=\"xs_social_share_widget xs_share_url after_content \t\tmain_content  wslu-style-1 wslu-share-box-shaped wslu-fill-colored wslu-none wslu-share-horizontal wslu-theme-font-no wslu-main_content\">\n\n\t\t\n        <ul>\n\t\t\t        <\/ul>\n    <\/div> \n","protected":false},"excerpt":{"rendered":"<p>Recycling is a key piece for sustainability in any community. To facilitate this task, it is essential to know the recycling colours.<\/p>\n","protected":false},"author":1,"featured_media":4313,"comment_status":"closed","ping_status":"closed","sticky":false,"template":"","format":"standard","meta":{"footnotes":""},"categories":[16],"tags":[60,53],"class_list":["post-4324","post","type-post","status-publish","format-standard","has-post-thumbnail","hentry","category-actualidad-en","tag-colores-de-reciclaje-en","tag-reciclaje-en"],"yoast_head":"<!-- This site is optimized with the Yoast SEO plugin v27.5 - https:\/\/yoast.com\/product\/yoast-seo-wordpress\/ -->\n<title>Colours of recycling<\/title>\n<meta name=\"description\" content=\"Recycling is a key piece for sustainability. To facilitate this task, it is essential to know the colours of recycling.\" \/>\n<meta name=\"robots\" content=\"index, follow, max-snippet:-1, max-image-preview:large, max-video-preview:-1\" \/>\n<link rel=\"canonical\" href=\"https:\/\/reciclajesymetalesperez.com\/en\/the-colours-of-recycling\" \/>\n<meta property=\"og:locale\" content=\"en_US\" \/>\n<meta property=\"og:type\" content=\"article\" \/>\n<meta property=\"og:title\" content=\"Colours of recycling\" \/>\n<meta property=\"og:description\" content=\"Recycling is a key piece for sustainability. To facilitate this task, it is essential to know the colours of recycling.\" \/>\n<meta property=\"og:url\" content=\"https:\/\/reciclajesymetalesperez.com\/en\/the-colours-of-recycling\" \/>\n<meta property=\"og:site_name\" content=\"Reciclajes y Metales P\u00e9rez\" \/>\n<meta property=\"article:published_time\" content=\"2024-09-18T08:48:08+00:00\" \/>\n<meta property=\"article:modified_time\" content=\"2024-09-18T10:51:26+00:00\" \/>\n<meta property=\"og:image\" content=\"https:\/\/reciclajesymetalesperez.com\/wp-content\/uploads\/2024\/09\/13-e1726044416355.png\" \/>\n\t<meta property=\"og:image:width\" content=\"1080\" \/>\n\t<meta property=\"og:image:height\" content=\"1080\" \/>\n\t<meta property=\"og:image:type\" content=\"image\/png\" \/>\n<meta name=\"author\" content=\"mallorcaglobal\" \/>\n<meta name=\"twitter:card\" content=\"summary_large_image\" \/>\n<meta name=\"twitter:label1\" content=\"Written by\" \/>\n\t<meta name=\"twitter:data1\" content=\"mallorcaglobal\" \/>\n\t<meta name=\"twitter:label2\" content=\"Est. reading time\" \/>\n\t<meta name=\"twitter:data2\" content=\"3 minutes\" \/>\n<script type=\"application\/ld+json\" class=\"yoast-schema-graph\">{\"@context\":\"https:\\\/\\\/schema.org\",\"@graph\":[{\"@type\":\"Article\",\"@id\":\"https:\\\/\\\/reciclajesymetalesperez.com\\\/en\\\/the-colours-of-recycling#article\",\"isPartOf\":{\"@id\":\"https:\\\/\\\/reciclajesymetalesperez.com\\\/en\\\/the-colours-of-recycling\"},\"author\":{\"name\":\"mallorcaglobal\",\"@id\":\"https:\\\/\\\/reciclajesymetalesperez.com\\\/en#\\\/schema\\\/person\\\/897376715c6614ae631e8581c047876d\"},\"headline\":\"The colours of recycling: guide to efficient recycling in Mallorca\",\"datePublished\":\"2024-09-18T08:48:08+00:00\",\"dateModified\":\"2024-09-18T10:51:26+00:00\",\"mainEntityOfPage\":{\"@id\":\"https:\\\/\\\/reciclajesymetalesperez.com\\\/en\\\/the-colours-of-recycling\"},\"wordCount\":363,\"publisher\":{\"@id\":\"https:\\\/\\\/reciclajesymetalesperez.com\\\/en#organization\"},\"image\":{\"@id\":\"https:\\\/\\\/reciclajesymetalesperez.com\\\/en\\\/the-colours-of-recycling#primaryimage\"},\"thumbnailUrl\":\"https:\\\/\\\/reciclajesymetalesperez.com\\\/wp-content\\\/uploads\\\/2024\\\/09\\\/13-e1726044416355.png\",\"keywords\":[\"colores de reciclaje\",\"reciclaje\"],\"articleSection\":[\"Actualidad\"],\"inLanguage\":\"en-US\"},{\"@type\":\"WebPage\",\"@id\":\"https:\\\/\\\/reciclajesymetalesperez.com\\\/en\\\/the-colours-of-recycling\",\"url\":\"https:\\\/\\\/reciclajesymetalesperez.com\\\/en\\\/the-colours-of-recycling\",\"name\":\"Colours of recycling\",\"isPartOf\":{\"@id\":\"https:\\\/\\\/reciclajesymetalesperez.com\\\/en#website\"},\"primaryImageOfPage\":{\"@id\":\"https:\\\/\\\/reciclajesymetalesperez.com\\\/en\\\/the-colours-of-recycling#primaryimage\"},\"image\":{\"@id\":\"https:\\\/\\\/reciclajesymetalesperez.com\\\/en\\\/the-colours-of-recycling#primaryimage\"},\"thumbnailUrl\":\"https:\\\/\\\/reciclajesymetalesperez.com\\\/wp-content\\\/uploads\\\/2024\\\/09\\\/13-e1726044416355.png\",\"datePublished\":\"2024-09-18T08:48:08+00:00\",\"dateModified\":\"2024-09-18T10:51:26+00:00\",\"description\":\"Recycling is a key piece for sustainability. To facilitate this task, it is essential to know the colours of recycling.\",\"breadcrumb\":{\"@id\":\"https:\\\/\\\/reciclajesymetalesperez.com\\\/en\\\/the-colours-of-recycling#breadcrumb\"},\"inLanguage\":\"en-US\",\"potentialAction\":[{\"@type\":\"ReadAction\",\"target\":[\"https:\\\/\\\/reciclajesymetalesperez.com\\\/en\\\/the-colours-of-recycling\"]}]},{\"@type\":\"ImageObject\",\"inLanguage\":\"en-US\",\"@id\":\"https:\\\/\\\/reciclajesymetalesperez.com\\\/en\\\/the-colours-of-recycling#primaryimage\",\"url\":\"https:\\\/\\\/reciclajesymetalesperez.com\\\/wp-content\\\/uploads\\\/2024\\\/09\\\/13-e1726044416355.png\",\"contentUrl\":\"https:\\\/\\\/reciclajesymetalesperez.com\\\/wp-content\\\/uploads\\\/2024\\\/09\\\/13-e1726044416355.png\",\"width\":1080,\"height\":1080},{\"@type\":\"BreadcrumbList\",\"@id\":\"https:\\\/\\\/reciclajesymetalesperez.com\\\/en\\\/the-colours-of-recycling#breadcrumb\",\"itemListElement\":[{\"@type\":\"ListItem\",\"position\":1,\"name\":\"Portada\",\"item\":\"https:\\\/\\\/reciclajesymetalesperez.com\\\/en\"},{\"@type\":\"ListItem\",\"position\":2,\"name\":\"The colours of recycling: guide to efficient recycling in Mallorca\"}]},{\"@type\":\"WebSite\",\"@id\":\"https:\\\/\\\/reciclajesymetalesperez.com\\\/en#website\",\"url\":\"https:\\\/\\\/reciclajesymetalesperez.com\\\/en\",\"name\":\"Reciclajes y Metales P\u00e9rez\",\"description\":\"L\u00edderes en Mallorca con m\u00e1s de 40 a\u00f1os de experiencia en el sector del reciclaje y metales\",\"publisher\":{\"@id\":\"https:\\\/\\\/reciclajesymetalesperez.com\\\/en#organization\"},\"potentialAction\":[{\"@type\":\"SearchAction\",\"target\":{\"@type\":\"EntryPoint\",\"urlTemplate\":\"https:\\\/\\\/reciclajesymetalesperez.com\\\/en?s={search_term_string}\"},\"query-input\":{\"@type\":\"PropertyValueSpecification\",\"valueRequired\":true,\"valueName\":\"search_term_string\"}}],\"inLanguage\":\"en-US\"},{\"@type\":\"Organization\",\"@id\":\"https:\\\/\\\/reciclajesymetalesperez.com\\\/en#organization\",\"name\":\"Reciclajes y Metales P\u00e9rez\",\"url\":\"https:\\\/\\\/reciclajesymetalesperez.com\\\/en\",\"logo\":{\"@type\":\"ImageObject\",\"inLanguage\":\"en-US\",\"@id\":\"https:\\\/\\\/reciclajesymetalesperez.com\\\/en#\\\/schema\\\/logo\\\/image\\\/\",\"url\":\"https:\\\/\\\/reciclajesymetalesperez.com\\\/wp-content\\\/uploads\\\/2023\\\/02\\\/cropped-favicon.jpg\",\"contentUrl\":\"https:\\\/\\\/reciclajesymetalesperez.com\\\/wp-content\\\/uploads\\\/2023\\\/02\\\/cropped-favicon.jpg\",\"width\":512,\"height\":512,\"caption\":\"Reciclajes y Metales P\u00e9rez\"},\"image\":{\"@id\":\"https:\\\/\\\/reciclajesymetalesperez.com\\\/en#\\\/schema\\\/logo\\\/image\\\/\"}},{\"@type\":\"Person\",\"@id\":\"https:\\\/\\\/reciclajesymetalesperez.com\\\/en#\\\/schema\\\/person\\\/897376715c6614ae631e8581c047876d\",\"name\":\"mallorcaglobal\",\"image\":{\"@type\":\"ImageObject\",\"inLanguage\":\"en-US\",\"@id\":\"https:\\\/\\\/secure.gravatar.com\\\/avatar\\\/54a4bcd1a68eccdda3505d7ee5d6ebb8e5dd78095a07d388940305fac2e49572?s=96&d=mm&r=g\",\"url\":\"https:\\\/\\\/secure.gravatar.com\\\/avatar\\\/54a4bcd1a68eccdda3505d7ee5d6ebb8e5dd78095a07d388940305fac2e49572?s=96&d=mm&r=g\",\"contentUrl\":\"https:\\\/\\\/secure.gravatar.com\\\/avatar\\\/54a4bcd1a68eccdda3505d7ee5d6ebb8e5dd78095a07d388940305fac2e49572?s=96&d=mm&r=g\",\"caption\":\"mallorcaglobal\"},\"sameAs\":[\"http:\\\/\\\/reciclajesymetalesperez.com\"],\"url\":\"https:\\\/\\\/reciclajesymetalesperez.com\\\/en\\\/author\\\/mallorcaglobal\"}]}<\/script>\n<!-- \/ Yoast SEO plugin. -->","yoast_head_json":{"title":"Colours of recycling","description":"Recycling is a key piece for sustainability. To facilitate this task, it is essential to know the colours of recycling.","robots":{"index":"index","follow":"follow","max-snippet":"max-snippet:-1","max-image-preview":"max-image-preview:large","max-video-preview":"max-video-preview:-1"},"canonical":"https:\/\/reciclajesymetalesperez.com\/en\/the-colours-of-recycling","og_locale":"en_US","og_type":"article","og_title":"Colours of recycling","og_description":"Recycling is a key piece for sustainability. To facilitate this task, it is essential to know the colours of recycling.","og_url":"https:\/\/reciclajesymetalesperez.com\/en\/the-colours-of-recycling","og_site_name":"Reciclajes y Metales P\u00e9rez","article_published_time":"2024-09-18T08:48:08+00:00","article_modified_time":"2024-09-18T10:51:26+00:00","og_image":[{"width":1080,"height":1080,"url":"https:\/\/reciclajesymetalesperez.com\/wp-content\/uploads\/2024\/09\/13-e1726044416355.png","type":"image\/png"}],"author":"mallorcaglobal","twitter_card":"summary_large_image","twitter_misc":{"Written by":"mallorcaglobal","Est. reading time":"3 minutes"},"schema":{"@context":"https:\/\/schema.org","@graph":[{"@type":"Article","@id":"https:\/\/reciclajesymetalesperez.com\/en\/the-colours-of-recycling#article","isPartOf":{"@id":"https:\/\/reciclajesymetalesperez.com\/en\/the-colours-of-recycling"},"author":{"name":"mallorcaglobal","@id":"https:\/\/reciclajesymetalesperez.com\/en#\/schema\/person\/897376715c6614ae631e8581c047876d"},"headline":"The colours of recycling: guide to efficient recycling in Mallorca","datePublished":"2024-09-18T08:48:08+00:00","dateModified":"2024-09-18T10:51:26+00:00","mainEntityOfPage":{"@id":"https:\/\/reciclajesymetalesperez.com\/en\/the-colours-of-recycling"},"wordCount":363,"publisher":{"@id":"https:\/\/reciclajesymetalesperez.com\/en#organization"},"image":{"@id":"https:\/\/reciclajesymetalesperez.com\/en\/the-colours-of-recycling#primaryimage"},"thumbnailUrl":"https:\/\/reciclajesymetalesperez.com\/wp-content\/uploads\/2024\/09\/13-e1726044416355.png","keywords":["colores de reciclaje","reciclaje"],"articleSection":["Actualidad"],"inLanguage":"en-US"},{"@type":"WebPage","@id":"https:\/\/reciclajesymetalesperez.com\/en\/the-colours-of-recycling","url":"https:\/\/reciclajesymetalesperez.com\/en\/the-colours-of-recycling","name":"Colours of recycling","isPartOf":{"@id":"https:\/\/reciclajesymetalesperez.com\/en#website"},"primaryImageOfPage":{"@id":"https:\/\/reciclajesymetalesperez.com\/en\/the-colours-of-recycling#primaryimage"},"image":{"@id":"https:\/\/reciclajesymetalesperez.com\/en\/the-colours-of-recycling#primaryimage"},"thumbnailUrl":"https:\/\/reciclajesymetalesperez.com\/wp-content\/uploads\/2024\/09\/13-e1726044416355.png","datePublished":"2024-09-18T08:48:08+00:00","dateModified":"2024-09-18T10:51:26+00:00","description":"Recycling is a key piece for sustainability. To facilitate this task, it is essential to know the colours of recycling.","breadcrumb":{"@id":"https:\/\/reciclajesymetalesperez.com\/en\/the-colours-of-recycling#breadcrumb"},"inLanguage":"en-US","potentialAction":[{"@type":"ReadAction","target":["https:\/\/reciclajesymetalesperez.com\/en\/the-colours-of-recycling"]}]},{"@type":"ImageObject","inLanguage":"en-US","@id":"https:\/\/reciclajesymetalesperez.com\/en\/the-colours-of-recycling#primaryimage","url":"https:\/\/reciclajesymetalesperez.com\/wp-content\/uploads\/2024\/09\/13-e1726044416355.png","contentUrl":"https:\/\/reciclajesymetalesperez.com\/wp-content\/uploads\/2024\/09\/13-e1726044416355.png","width":1080,"height":1080},{"@type":"BreadcrumbList","@id":"https:\/\/reciclajesymetalesperez.com\/en\/the-colours-of-recycling#breadcrumb","itemListElement":[{"@type":"ListItem","position":1,"name":"Portada","item":"https:\/\/reciclajesymetalesperez.com\/en"},{"@type":"ListItem","position":2,"name":"The colours of recycling: guide to efficient recycling in Mallorca"}]},{"@type":"WebSite","@id":"https:\/\/reciclajesymetalesperez.com\/en#website","url":"https:\/\/reciclajesymetalesperez.com\/en","name":"Reciclajes y Metales P\u00e9rez","description":"L\u00edderes en Mallorca con m\u00e1s de 40 a\u00f1os de experiencia en el sector del reciclaje y metales","publisher":{"@id":"https:\/\/reciclajesymetalesperez.com\/en#organization"},"potentialAction":[{"@type":"SearchAction","target":{"@type":"EntryPoint","urlTemplate":"https:\/\/reciclajesymetalesperez.com\/en?s={search_term_string}"},"query-input":{"@type":"PropertyValueSpecification","valueRequired":true,"valueName":"search_term_string"}}],"inLanguage":"en-US"},{"@type":"Organization","@id":"https:\/\/reciclajesymetalesperez.com\/en#organization","name":"Reciclajes y Metales P\u00e9rez","url":"https:\/\/reciclajesymetalesperez.com\/en","logo":{"@type":"ImageObject","inLanguage":"en-US","@id":"https:\/\/reciclajesymetalesperez.com\/en#\/schema\/logo\/image\/","url":"https:\/\/reciclajesymetalesperez.com\/wp-content\/uploads\/2023\/02\/cropped-favicon.jpg","contentUrl":"https:\/\/reciclajesymetalesperez.com\/wp-content\/uploads\/2023\/02\/cropped-favicon.jpg","width":512,"height":512,"caption":"Reciclajes y Metales P\u00e9rez"},"image":{"@id":"https:\/\/reciclajesymetalesperez.com\/en#\/schema\/logo\/image\/"}},{"@type":"Person","@id":"https:\/\/reciclajesymetalesperez.com\/en#\/schema\/person\/897376715c6614ae631e8581c047876d","name":"mallorcaglobal","image":{"@type":"ImageObject","inLanguage":"en-US","@id":"https:\/\/secure.gravatar.com\/avatar\/54a4bcd1a68eccdda3505d7ee5d6ebb8e5dd78095a07d388940305fac2e49572?s=96&d=mm&r=g","url":"https:\/\/secure.gravatar.com\/avatar\/54a4bcd1a68eccdda3505d7ee5d6ebb8e5dd78095a07d388940305fac2e49572?s=96&d=mm&r=g","contentUrl":"https:\/\/secure.gravatar.com\/avatar\/54a4bcd1a68eccdda3505d7ee5d6ebb8e5dd78095a07d388940305fac2e49572?s=96&d=mm&r=g","caption":"mallorcaglobal"},"sameAs":["http:\/\/reciclajesymetalesperez.com"],"url":"https:\/\/reciclajesymetalesperez.com\/en\/author\/mallorcaglobal"}]}},"_links":{"self":[{"href":"https:\/\/reciclajesymetalesperez.com\/en\/wp-json\/wp\/v2\/posts\/4324","targetHints":{"allow":["GET"]}}],"collection":[{"href":"https:\/\/reciclajesymetalesperez.com\/en\/wp-json\/wp\/v2\/posts"}],"about":[{"href":"https:\/\/reciclajesymetalesperez.com\/en\/wp-json\/wp\/v2\/types\/post"}],"author":[{"embeddable":true,"href":"https:\/\/reciclajesymetalesperez.com\/en\/wp-json\/wp\/v2\/users\/1"}],"replies":[{"embeddable":true,"href":"https:\/\/reciclajesymetalesperez.com\/en\/wp-json\/wp\/v2\/comments?post=4324"}],"version-history":[{"count":11,"href":"https:\/\/reciclajesymetalesperez.com\/en\/wp-json\/wp\/v2\/posts\/4324\/revisions"}],"predecessor-version":[{"id":4390,"href":"https:\/\/reciclajesymetalesperez.com\/en\/wp-json\/wp\/v2\/posts\/4324\/revisions\/4390"}],"wp:featuredmedia":[{"embeddable":true,"href":"https:\/\/reciclajesymetalesperez.com\/en\/wp-json\/wp\/v2\/media\/4313"}],"wp:attachment":[{"href":"https:\/\/reciclajesymetalesperez.com\/en\/wp-json\/wp\/v2\/media?parent=4324"}],"wp:term":[{"taxonomy":"category","embeddable":true,"href":"https:\/\/reciclajesymetalesperez.com\/en\/wp-json\/wp\/v2\/categories?post=4324"},{"taxonomy":"post_tag","embeddable":true,"href":"https:\/\/reciclajesymetalesperez.com\/en\/wp-json\/wp\/v2\/tags?post=4324"}],"curies":[{"name":"wp","href":"https:\/\/api.w.org\/{rel}","templated":true}]}}