{"id":5192,"date":"2025-04-10T11:26:33","date_gmt":"2025-04-10T10:26:33","guid":{"rendered":"https:\/\/reciclajesymetalesperez.com\/?p=5192"},"modified":"2025-04-10T11:26:34","modified_gmt":"2025-04-10T10:26:34","slug":"rustic-estate-for-sale-in-costitx-nature-peace-and-mallorcan-charm","status":"publish","type":"post","link":"https:\/\/reciclajesymetalesperez.com\/en\/rustic-estate-for-sale-in-costitx-nature-peace-and-mallorcan-charm","title":{"rendered":"Rustic estate for sale in Costitx: nature, peace and Mallorcan charm"},"content":{"rendered":"\n<p><strong>For more information or to schedule a visit, call +34 670 335 445<\/strong><\/p>\n\n\n\n<p>Looking for a special property in the heart of Mallorca? Discover this <strong>rustic estate for sale in Costitx<\/strong>, a unique opportunity for those who dream of living surrounded by nature, with space, privacy, and the authentic Mallorcan lifestyle.<\/p>\n\n\n\n<p>This estate combines rural charm with the potential to become a life project, tourist investment, or private retreat. Below, we share what we know and why this might be <strong>your next great decision<\/strong>.<\/p>\n\n\n\n<hr class=\"wp-block-separator has-alpha-channel-opacity\"\/>\n\n\n\n<figure class=\"wp-block-gallery has-nested-images columns-default is-cropped wp-block-gallery-2 is-layout-flex wp-block-gallery-is-layout-flex\">\n<figure class=\"wp-block-image size-large\"><img fetchpriority=\"high\" decoding=\"async\" width=\"768\" height=\"1024\" data-id=\"2853\" src=\"https:\/\/reciclajesymetalesperez.com\/wp-content\/uploads\/2023\/09\/finca-rustica-costitx-20.jpeg\" alt=\"\" class=\"wp-image-2853\" srcset=\"https:\/\/reciclajesymetalesperez.com\/wp-content\/uploads\/2023\/09\/finca-rustica-costitx-20.jpeg 768w, https:\/\/reciclajesymetalesperez.com\/wp-content\/uploads\/2023\/09\/finca-rustica-costitx-20-225x300.jpeg 225w\" sizes=\"(max-width: 768px) 100vw, 768px\" \/><\/figure>\n\n\n\n<figure class=\"wp-block-image size-large\"><img decoding=\"async\" width=\"768\" height=\"1024\" data-id=\"2849\" src=\"https:\/\/reciclajesymetalesperez.com\/wp-content\/uploads\/2023\/09\/finca-rustica-costitx-18.jpeg\" alt=\"finca r\u00fastica costitx\" class=\"wp-image-2849\" srcset=\"https:\/\/reciclajesymetalesperez.com\/wp-content\/uploads\/2023\/09\/finca-rustica-costitx-18.jpeg 768w, https:\/\/reciclajesymetalesperez.com\/wp-content\/uploads\/2023\/09\/finca-rustica-costitx-18-225x300.jpeg 225w\" sizes=\"(max-width: 768px) 100vw, 768px\" \/><\/figure>\n\n\n\n<figure class=\"wp-block-image size-large\"><img decoding=\"async\" width=\"768\" height=\"1024\" data-id=\"2847\" src=\"https:\/\/reciclajesymetalesperez.com\/wp-content\/uploads\/2023\/09\/finca-rustica-costitx-17.jpeg\" alt=\"\" class=\"wp-image-2847\" srcset=\"https:\/\/reciclajesymetalesperez.com\/wp-content\/uploads\/2023\/09\/finca-rustica-costitx-17.jpeg 768w, https:\/\/reciclajesymetalesperez.com\/wp-content\/uploads\/2023\/09\/finca-rustica-costitx-17-225x300.jpeg 225w\" sizes=\"(max-width: 768px) 100vw, 768px\" \/><\/figure>\n\n\n\n<figure class=\"wp-block-image size-large\"><img loading=\"lazy\" decoding=\"async\" width=\"768\" height=\"1024\" data-id=\"2845\" src=\"https:\/\/reciclajesymetalesperez.com\/wp-content\/uploads\/2023\/09\/finca-rustica-costitx-16.jpeg\" alt=\"\" class=\"wp-image-2845\" srcset=\"https:\/\/reciclajesymetalesperez.com\/wp-content\/uploads\/2023\/09\/finca-rustica-costitx-16.jpeg 768w, https:\/\/reciclajesymetalesperez.com\/wp-content\/uploads\/2023\/09\/finca-rustica-costitx-16-225x300.jpeg 225w\" sizes=\"(max-width: 768px) 100vw, 768px\" \/><\/figure>\n\n\n\n<figure class=\"wp-block-image size-large\"><img loading=\"lazy\" decoding=\"async\" width=\"768\" height=\"1024\" data-id=\"2841\" src=\"https:\/\/reciclajesymetalesperez.com\/wp-content\/uploads\/2023\/09\/finca-rustica-costitx-13.jpeg\" alt=\"finca r\u00fastica costitx\" class=\"wp-image-2841\" srcset=\"https:\/\/reciclajesymetalesperez.com\/wp-content\/uploads\/2023\/09\/finca-rustica-costitx-13.jpeg 768w, https:\/\/reciclajesymetalesperez.com\/wp-content\/uploads\/2023\/09\/finca-rustica-costitx-13-225x300.jpeg 225w\" sizes=\"(max-width: 768px) 100vw, 768px\" \/><\/figure>\n\n\n\n<figure class=\"wp-block-image size-large\"><img loading=\"lazy\" decoding=\"async\" width=\"768\" height=\"1024\" data-id=\"2835\" src=\"https:\/\/reciclajesymetalesperez.com\/wp-content\/uploads\/2023\/09\/finca-rustica-costitx-10.jpeg\" alt=\"\" class=\"wp-image-2835\" srcset=\"https:\/\/reciclajesymetalesperez.com\/wp-content\/uploads\/2023\/09\/finca-rustica-costitx-10.jpeg 768w, https:\/\/reciclajesymetalesperez.com\/wp-content\/uploads\/2023\/09\/finca-rustica-costitx-10-225x300.jpeg 225w\" sizes=\"(max-width: 768px) 100vw, 768px\" \/><\/figure>\n<\/figure>\n\n\n\n<h2 class=\"wp-block-heading\"><strong>Location: Costitx, the heart of Mallorca<\/strong><\/h2>\n\n\n\n<p>Costitx is a small village in the Pla de Mallorca, known for its peaceful atmosphere, natural beauty, and great location. Halfway between Palma and the northern beaches, it\u2019s ideal for those seeking <strong>tranquility and island connection without isolation<\/strong>.<\/p>\n\n\n\n<p>It\u2019s also one of the most traditional agricultural municipalities, highly valued by those who wish to live in an authentic rural setting, surrounded by fields and olive trees.<\/p>\n\n\n\n<h2 class=\"wp-block-heading\"><strong>A property with great potential: over 9,000 m\u00b2 of lan<\/strong><\/h2>\n\n\n\n<p>The estate includes <strong>9,000 square meters of rustic land<\/strong>, perfect for those looking to:<\/p>\n\n\n\n<ul class=\"wp-block-list\">\n<li>Grow their own vegetable garden or vineyard<\/li>\n\n\n\n<li>Keep animals or develop a small agrotourism project<\/li>\n\n\n\n<li>Build leisure areas, a pool, or outdoor rest spaces<\/li>\n<\/ul>\n\n\n\n<p>These types of properties in Mallorca are increasingly sought after, both by locals and international buyers who value peace and contact with nature.<\/p>\n\n\n\n<h2 class=\"wp-block-heading\"><strong>Main house and two independent apartments<\/strong><\/h2>\n\n\n\n<p>The property includes:<\/p>\n\n\n\n<p><strong>A main house<\/strong>, with traditional Mallorcan charm and the potential for renovation to suit the buyer\u2019s style.<\/p>\n\n\n\n<p><strong>Two independent apartments<\/strong>, ideal for tourist use, vacation rental, guests, or dividing space between family members.<\/p>\n\n\n\n<p><strong>Safareig<\/strong>, a traditional Mallorcan water basin that can be transformed into a decorative element, a small pond, or even a natural pool.<\/p>\n\n\n\n<h2 class=\"wp-block-heading\"><strong>Craftsmanship and tradition: \u201cSafareig\u201d, a name with history<\/strong><\/h2>\n\n\n\n<p>Interestingly, &#8220;Safareig&#8221; is not only the name of one of the estate\u2019s buildings but also a term rich in Mallorcan symbolism. It refers to old public wash basins where families gathered to wash clothes and socialize \u2014 today, it inspires artisanal product lines, creative workshops, and rural accommodations.<\/p>\n\n\n\n<p><strong>An estate with a name, a soul, and endless possibilities.<\/strong><\/p>\n\n\n\n<h2 class=\"wp-block-heading\"><strong>Why invest in a rustic estate in Mallorca?<\/strong><\/h2>\n\n\n\n<ul class=\"wp-block-list\">\n<li>Growing interest in rural and sustainable tourism<\/li>\n\n\n\n<li>High demand for properties with land after the pandemic<\/li>\n\n\n\n<li>Increase in the value of rustic land in strategic locations<\/li>\n\n\n\n<li>Potential for transformation into a business or family retreat<\/li>\n<\/ul>\n\n\n\n<h2 class=\"wp-block-heading\"><strong>Interested in this rustic estate in Costitx?<\/strong><\/h2>\n\n\n\n<p>If you&#8217;re looking for a property in Mallorca with space, history, and future potential, this estate in Costitx could be the perfect fit.<\/p>\n\n\n\n<p> <strong>Location:<\/strong> Costitx, Mallorca<br><strong>Size:<\/strong> 9,000 m\u00b2 of rustic land<br><strong>Includes:<\/strong> main house + 2 apartments + safareig + land<\/p>\n\n\n\n<p><strong>For more information or to arrange a visit, get in touch with us.<\/strong><\/p>\n\n\n\n<p><\/p>\n\n    <div class=\"xs_social_share_widget xs_share_url after_content \t\tmain_content  wslu-style-1 wslu-share-box-shaped wslu-fill-colored wslu-none wslu-share-horizontal wslu-theme-font-no wslu-main_content\">\n\n\t\t\n        <ul>\n\t\t\t        <\/ul>\n    <\/div> \n","protected":false},"excerpt":{"rendered":"<p>Looking for a special property in the heart of Mallorca? Discover this rustic estate for sale in Costitx, a unique opportunity for those who dream of living surrounded by nature, with space, privacy, and the authentic Mallorcan lifestyle.<\/p>\n","protected":false},"author":1,"featured_media":2834,"comment_status":"open","ping_status":"open","sticky":false,"template":"","format":"standard","meta":{"footnotes":""},"categories":[1],"tags":[],"class_list":["post-5192","post","type-post","status-publish","format-standard","has-post-thumbnail","hentry","category-sin-categorizar"],"yoast_head":"<!-- This site is optimized with the Yoast SEO plugin v27.4 - https:\/\/yoast.com\/product\/yoast-seo-wordpress\/ -->\n<title>Rustic estate for sale in Costitx: nature, peace and Mallorcan charm - Reciclajes y Metales P\u00e9rez<\/title>\n<meta name=\"description\" content=\"Rustic estate for sale in Costitx, Mallorca: 9,000 m\u00b2 of land, a main house, two apartments, and a traditional safareig.\" \/>\n<meta name=\"robots\" content=\"index, follow, max-snippet:-1, max-image-preview:large, max-video-preview:-1\" \/>\n<link rel=\"canonical\" href=\"https:\/\/reciclajesymetalesperez.com\/en\/rustic-estate-for-sale-in-costitx-nature-peace-and-mallorcan-charm\" \/>\n<meta property=\"og:locale\" content=\"en_US\" \/>\n<meta property=\"og:type\" content=\"article\" \/>\n<meta property=\"og:title\" content=\"Rustic estate for sale in Costitx: nature, peace and Mallorcan charm - Reciclajes y Metales P\u00e9rez\" \/>\n<meta property=\"og:description\" content=\"Rustic estate for sale in Costitx, Mallorca: 9,000 m\u00b2 of land, a main house, two apartments, and a traditional safareig.\" \/>\n<meta property=\"og:url\" content=\"https:\/\/reciclajesymetalesperez.com\/en\/rustic-estate-for-sale-in-costitx-nature-peace-and-mallorcan-charm\" \/>\n<meta property=\"og:site_name\" content=\"Reciclajes y Metales P\u00e9rez\" \/>\n<meta property=\"article:published_time\" content=\"2025-04-10T10:26:33+00:00\" \/>\n<meta property=\"article:modified_time\" content=\"2025-04-10T10:26:34+00:00\" \/>\n<meta property=\"og:image\" content=\"https:\/\/reciclajesymetalesperez.com\/wp-content\/uploads\/2023\/09\/finca-rustica-costitx-9.jpeg\" \/>\n\t<meta property=\"og:image:width\" content=\"768\" \/>\n\t<meta property=\"og:image:height\" content=\"1024\" \/>\n\t<meta property=\"og:image:type\" content=\"image\/jpeg\" \/>\n<meta name=\"author\" content=\"mallorcaglobal\" \/>\n<meta name=\"twitter:card\" content=\"summary_large_image\" \/>\n<meta name=\"twitter:label1\" content=\"Written by\" \/>\n\t<meta name=\"twitter:data1\" content=\"mallorcaglobal\" \/>\n\t<meta name=\"twitter:label2\" content=\"Est. reading time\" \/>\n\t<meta name=\"twitter:data2\" content=\"4 minutes\" \/>\n<script type=\"application\/ld+json\" class=\"yoast-schema-graph\">{\"@context\":\"https:\\\/\\\/schema.org\",\"@graph\":[{\"@type\":\"Article\",\"@id\":\"https:\\\/\\\/reciclajesymetalesperez.com\\\/en\\\/rustic-estate-for-sale-in-costitx-nature-peace-and-mallorcan-charm#article\",\"isPartOf\":{\"@id\":\"https:\\\/\\\/reciclajesymetalesperez.com\\\/en\\\/rustic-estate-for-sale-in-costitx-nature-peace-and-mallorcan-charm\"},\"author\":{\"name\":\"mallorcaglobal\",\"@id\":\"https:\\\/\\\/reciclajesymetalesperez.com\\\/en#\\\/schema\\\/person\\\/897376715c6614ae631e8581c047876d\"},\"headline\":\"Rustic estate for sale in Costitx: nature, peace and Mallorcan charm\",\"datePublished\":\"2025-04-10T10:26:33+00:00\",\"dateModified\":\"2025-04-10T10:26:34+00:00\",\"mainEntityOfPage\":{\"@id\":\"https:\\\/\\\/reciclajesymetalesperez.com\\\/en\\\/rustic-estate-for-sale-in-costitx-nature-peace-and-mallorcan-charm\"},\"wordCount\":466,\"commentCount\":0,\"publisher\":{\"@id\":\"https:\\\/\\\/reciclajesymetalesperez.com\\\/en#organization\"},\"image\":{\"@id\":\"https:\\\/\\\/reciclajesymetalesperez.com\\\/en\\\/rustic-estate-for-sale-in-costitx-nature-peace-and-mallorcan-charm#primaryimage\"},\"thumbnailUrl\":\"https:\\\/\\\/reciclajesymetalesperez.com\\\/wp-content\\\/uploads\\\/2023\\\/09\\\/finca-rustica-costitx-9.jpeg\",\"articleSection\":[\"Sin categorizar\"],\"inLanguage\":\"en-US\",\"potentialAction\":[{\"@type\":\"CommentAction\",\"name\":\"Comment\",\"target\":[\"https:\\\/\\\/reciclajesymetalesperez.com\\\/en\\\/rustic-estate-for-sale-in-costitx-nature-peace-and-mallorcan-charm#respond\"]}]},{\"@type\":\"WebPage\",\"@id\":\"https:\\\/\\\/reciclajesymetalesperez.com\\\/en\\\/rustic-estate-for-sale-in-costitx-nature-peace-and-mallorcan-charm\",\"url\":\"https:\\\/\\\/reciclajesymetalesperez.com\\\/en\\\/rustic-estate-for-sale-in-costitx-nature-peace-and-mallorcan-charm\",\"name\":\"Rustic estate for sale in Costitx: nature, peace and Mallorcan charm - Reciclajes y Metales P\u00e9rez\",\"isPartOf\":{\"@id\":\"https:\\\/\\\/reciclajesymetalesperez.com\\\/en#website\"},\"primaryImageOfPage\":{\"@id\":\"https:\\\/\\\/reciclajesymetalesperez.com\\\/en\\\/rustic-estate-for-sale-in-costitx-nature-peace-and-mallorcan-charm#primaryimage\"},\"image\":{\"@id\":\"https:\\\/\\\/reciclajesymetalesperez.com\\\/en\\\/rustic-estate-for-sale-in-costitx-nature-peace-and-mallorcan-charm#primaryimage\"},\"thumbnailUrl\":\"https:\\\/\\\/reciclajesymetalesperez.com\\\/wp-content\\\/uploads\\\/2023\\\/09\\\/finca-rustica-costitx-9.jpeg\",\"datePublished\":\"2025-04-10T10:26:33+00:00\",\"dateModified\":\"2025-04-10T10:26:34+00:00\",\"description\":\"Rustic estate for sale in Costitx, Mallorca: 9,000 m\u00b2 of land, a main house, two apartments, and a traditional safareig.\",\"breadcrumb\":{\"@id\":\"https:\\\/\\\/reciclajesymetalesperez.com\\\/en\\\/rustic-estate-for-sale-in-costitx-nature-peace-and-mallorcan-charm#breadcrumb\"},\"inLanguage\":\"en-US\",\"potentialAction\":[{\"@type\":\"ReadAction\",\"target\":[\"https:\\\/\\\/reciclajesymetalesperez.com\\\/en\\\/rustic-estate-for-sale-in-costitx-nature-peace-and-mallorcan-charm\"]}]},{\"@type\":\"ImageObject\",\"inLanguage\":\"en-US\",\"@id\":\"https:\\\/\\\/reciclajesymetalesperez.com\\\/en\\\/rustic-estate-for-sale-in-costitx-nature-peace-and-mallorcan-charm#primaryimage\",\"url\":\"https:\\\/\\\/reciclajesymetalesperez.com\\\/wp-content\\\/uploads\\\/2023\\\/09\\\/finca-rustica-costitx-9.jpeg\",\"contentUrl\":\"https:\\\/\\\/reciclajesymetalesperez.com\\\/wp-content\\\/uploads\\\/2023\\\/09\\\/finca-rustica-costitx-9.jpeg\",\"width\":768,\"height\":1024,\"caption\":\"Se vende finca r\u00fastica en Costitx\"},{\"@type\":\"BreadcrumbList\",\"@id\":\"https:\\\/\\\/reciclajesymetalesperez.com\\\/en\\\/rustic-estate-for-sale-in-costitx-nature-peace-and-mallorcan-charm#breadcrumb\",\"itemListElement\":[{\"@type\":\"ListItem\",\"position\":1,\"name\":\"Portada\",\"item\":\"https:\\\/\\\/reciclajesymetalesperez.com\\\/en\"},{\"@type\":\"ListItem\",\"position\":2,\"name\":\"Rustic estate for sale in Costitx: nature, peace and Mallorcan charm\"}]},{\"@type\":\"WebSite\",\"@id\":\"https:\\\/\\\/reciclajesymetalesperez.com\\\/en#website\",\"url\":\"https:\\\/\\\/reciclajesymetalesperez.com\\\/en\",\"name\":\"Reciclajes y Metales P\u00e9rez\",\"description\":\"L\u00edderes en Mallorca con m\u00e1s de 40 a\u00f1os de experiencia en el sector del reciclaje y metales\",\"publisher\":{\"@id\":\"https:\\\/\\\/reciclajesymetalesperez.com\\\/en#organization\"},\"potentialAction\":[{\"@type\":\"SearchAction\",\"target\":{\"@type\":\"EntryPoint\",\"urlTemplate\":\"https:\\\/\\\/reciclajesymetalesperez.com\\\/en?s={search_term_string}\"},\"query-input\":{\"@type\":\"PropertyValueSpecification\",\"valueRequired\":true,\"valueName\":\"search_term_string\"}}],\"inLanguage\":\"en-US\"},{\"@type\":\"Organization\",\"@id\":\"https:\\\/\\\/reciclajesymetalesperez.com\\\/en#organization\",\"name\":\"Reciclajes y Metales P\u00e9rez\",\"url\":\"https:\\\/\\\/reciclajesymetalesperez.com\\\/en\",\"logo\":{\"@type\":\"ImageObject\",\"inLanguage\":\"en-US\",\"@id\":\"https:\\\/\\\/reciclajesymetalesperez.com\\\/en#\\\/schema\\\/logo\\\/image\\\/\",\"url\":\"https:\\\/\\\/reciclajesymetalesperez.com\\\/wp-content\\\/uploads\\\/2023\\\/02\\\/cropped-favicon.jpg\",\"contentUrl\":\"https:\\\/\\\/reciclajesymetalesperez.com\\\/wp-content\\\/uploads\\\/2023\\\/02\\\/cropped-favicon.jpg\",\"width\":512,\"height\":512,\"caption\":\"Reciclajes y Metales P\u00e9rez\"},\"image\":{\"@id\":\"https:\\\/\\\/reciclajesymetalesperez.com\\\/en#\\\/schema\\\/logo\\\/image\\\/\"}},{\"@type\":\"Person\",\"@id\":\"https:\\\/\\\/reciclajesymetalesperez.com\\\/en#\\\/schema\\\/person\\\/897376715c6614ae631e8581c047876d\",\"name\":\"mallorcaglobal\",\"image\":{\"@type\":\"ImageObject\",\"inLanguage\":\"en-US\",\"@id\":\"https:\\\/\\\/secure.gravatar.com\\\/avatar\\\/54a4bcd1a68eccdda3505d7ee5d6ebb8e5dd78095a07d388940305fac2e49572?s=96&d=mm&r=g\",\"url\":\"https:\\\/\\\/secure.gravatar.com\\\/avatar\\\/54a4bcd1a68eccdda3505d7ee5d6ebb8e5dd78095a07d388940305fac2e49572?s=96&d=mm&r=g\",\"contentUrl\":\"https:\\\/\\\/secure.gravatar.com\\\/avatar\\\/54a4bcd1a68eccdda3505d7ee5d6ebb8e5dd78095a07d388940305fac2e49572?s=96&d=mm&r=g\",\"caption\":\"mallorcaglobal\"},\"sameAs\":[\"http:\\\/\\\/reciclajesymetalesperez.com\"],\"url\":\"https:\\\/\\\/reciclajesymetalesperez.com\\\/en\\\/author\\\/mallorcaglobal\"}]}<\/script>\n<!-- \/ Yoast SEO plugin. -->","yoast_head_json":{"title":"Rustic estate for sale in Costitx: nature, peace and Mallorcan charm - Reciclajes y Metales P\u00e9rez","description":"Rustic estate for sale in Costitx, Mallorca: 9,000 m\u00b2 of land, a main house, two apartments, and a traditional safareig.","robots":{"index":"index","follow":"follow","max-snippet":"max-snippet:-1","max-image-preview":"max-image-preview:large","max-video-preview":"max-video-preview:-1"},"canonical":"https:\/\/reciclajesymetalesperez.com\/en\/rustic-estate-for-sale-in-costitx-nature-peace-and-mallorcan-charm","og_locale":"en_US","og_type":"article","og_title":"Rustic estate for sale in Costitx: nature, peace and Mallorcan charm - Reciclajes y Metales P\u00e9rez","og_description":"Rustic estate for sale in Costitx, Mallorca: 9,000 m\u00b2 of land, a main house, two apartments, and a traditional safareig.","og_url":"https:\/\/reciclajesymetalesperez.com\/en\/rustic-estate-for-sale-in-costitx-nature-peace-and-mallorcan-charm","og_site_name":"Reciclajes y Metales P\u00e9rez","article_published_time":"2025-04-10T10:26:33+00:00","article_modified_time":"2025-04-10T10:26:34+00:00","og_image":[{"width":768,"height":1024,"url":"https:\/\/reciclajesymetalesperez.com\/wp-content\/uploads\/2023\/09\/finca-rustica-costitx-9.jpeg","type":"image\/jpeg"}],"author":"mallorcaglobal","twitter_card":"summary_large_image","twitter_misc":{"Written by":"mallorcaglobal","Est. reading time":"4 minutes"},"schema":{"@context":"https:\/\/schema.org","@graph":[{"@type":"Article","@id":"https:\/\/reciclajesymetalesperez.com\/en\/rustic-estate-for-sale-in-costitx-nature-peace-and-mallorcan-charm#article","isPartOf":{"@id":"https:\/\/reciclajesymetalesperez.com\/en\/rustic-estate-for-sale-in-costitx-nature-peace-and-mallorcan-charm"},"author":{"name":"mallorcaglobal","@id":"https:\/\/reciclajesymetalesperez.com\/en#\/schema\/person\/897376715c6614ae631e8581c047876d"},"headline":"Rustic estate for sale in Costitx: nature, peace and Mallorcan charm","datePublished":"2025-04-10T10:26:33+00:00","dateModified":"2025-04-10T10:26:34+00:00","mainEntityOfPage":{"@id":"https:\/\/reciclajesymetalesperez.com\/en\/rustic-estate-for-sale-in-costitx-nature-peace-and-mallorcan-charm"},"wordCount":466,"commentCount":0,"publisher":{"@id":"https:\/\/reciclajesymetalesperez.com\/en#organization"},"image":{"@id":"https:\/\/reciclajesymetalesperez.com\/en\/rustic-estate-for-sale-in-costitx-nature-peace-and-mallorcan-charm#primaryimage"},"thumbnailUrl":"https:\/\/reciclajesymetalesperez.com\/wp-content\/uploads\/2023\/09\/finca-rustica-costitx-9.jpeg","articleSection":["Sin categorizar"],"inLanguage":"en-US","potentialAction":[{"@type":"CommentAction","name":"Comment","target":["https:\/\/reciclajesymetalesperez.com\/en\/rustic-estate-for-sale-in-costitx-nature-peace-and-mallorcan-charm#respond"]}]},{"@type":"WebPage","@id":"https:\/\/reciclajesymetalesperez.com\/en\/rustic-estate-for-sale-in-costitx-nature-peace-and-mallorcan-charm","url":"https:\/\/reciclajesymetalesperez.com\/en\/rustic-estate-for-sale-in-costitx-nature-peace-and-mallorcan-charm","name":"Rustic estate for sale in Costitx: nature, peace and Mallorcan charm - Reciclajes y Metales P\u00e9rez","isPartOf":{"@id":"https:\/\/reciclajesymetalesperez.com\/en#website"},"primaryImageOfPage":{"@id":"https:\/\/reciclajesymetalesperez.com\/en\/rustic-estate-for-sale-in-costitx-nature-peace-and-mallorcan-charm#primaryimage"},"image":{"@id":"https:\/\/reciclajesymetalesperez.com\/en\/rustic-estate-for-sale-in-costitx-nature-peace-and-mallorcan-charm#primaryimage"},"thumbnailUrl":"https:\/\/reciclajesymetalesperez.com\/wp-content\/uploads\/2023\/09\/finca-rustica-costitx-9.jpeg","datePublished":"2025-04-10T10:26:33+00:00","dateModified":"2025-04-10T10:26:34+00:00","description":"Rustic estate for sale in Costitx, Mallorca: 9,000 m\u00b2 of land, a main house, two apartments, and a traditional safareig.","breadcrumb":{"@id":"https:\/\/reciclajesymetalesperez.com\/en\/rustic-estate-for-sale-in-costitx-nature-peace-and-mallorcan-charm#breadcrumb"},"inLanguage":"en-US","potentialAction":[{"@type":"ReadAction","target":["https:\/\/reciclajesymetalesperez.com\/en\/rustic-estate-for-sale-in-costitx-nature-peace-and-mallorcan-charm"]}]},{"@type":"ImageObject","inLanguage":"en-US","@id":"https:\/\/reciclajesymetalesperez.com\/en\/rustic-estate-for-sale-in-costitx-nature-peace-and-mallorcan-charm#primaryimage","url":"https:\/\/reciclajesymetalesperez.com\/wp-content\/uploads\/2023\/09\/finca-rustica-costitx-9.jpeg","contentUrl":"https:\/\/reciclajesymetalesperez.com\/wp-content\/uploads\/2023\/09\/finca-rustica-costitx-9.jpeg","width":768,"height":1024,"caption":"Se vende finca r\u00fastica en Costitx"},{"@type":"BreadcrumbList","@id":"https:\/\/reciclajesymetalesperez.com\/en\/rustic-estate-for-sale-in-costitx-nature-peace-and-mallorcan-charm#breadcrumb","itemListElement":[{"@type":"ListItem","position":1,"name":"Portada","item":"https:\/\/reciclajesymetalesperez.com\/en"},{"@type":"ListItem","position":2,"name":"Rustic estate for sale in Costitx: nature, peace and Mallorcan charm"}]},{"@type":"WebSite","@id":"https:\/\/reciclajesymetalesperez.com\/en#website","url":"https:\/\/reciclajesymetalesperez.com\/en","name":"Reciclajes y Metales P\u00e9rez","description":"L\u00edderes en Mallorca con m\u00e1s de 40 a\u00f1os de experiencia en el sector del reciclaje y metales","publisher":{"@id":"https:\/\/reciclajesymetalesperez.com\/en#organization"},"potentialAction":[{"@type":"SearchAction","target":{"@type":"EntryPoint","urlTemplate":"https:\/\/reciclajesymetalesperez.com\/en?s={search_term_string}"},"query-input":{"@type":"PropertyValueSpecification","valueRequired":true,"valueName":"search_term_string"}}],"inLanguage":"en-US"},{"@type":"Organization","@id":"https:\/\/reciclajesymetalesperez.com\/en#organization","name":"Reciclajes y Metales P\u00e9rez","url":"https:\/\/reciclajesymetalesperez.com\/en","logo":{"@type":"ImageObject","inLanguage":"en-US","@id":"https:\/\/reciclajesymetalesperez.com\/en#\/schema\/logo\/image\/","url":"https:\/\/reciclajesymetalesperez.com\/wp-content\/uploads\/2023\/02\/cropped-favicon.jpg","contentUrl":"https:\/\/reciclajesymetalesperez.com\/wp-content\/uploads\/2023\/02\/cropped-favicon.jpg","width":512,"height":512,"caption":"Reciclajes y Metales P\u00e9rez"},"image":{"@id":"https:\/\/reciclajesymetalesperez.com\/en#\/schema\/logo\/image\/"}},{"@type":"Person","@id":"https:\/\/reciclajesymetalesperez.com\/en#\/schema\/person\/897376715c6614ae631e8581c047876d","name":"mallorcaglobal","image":{"@type":"ImageObject","inLanguage":"en-US","@id":"https:\/\/secure.gravatar.com\/avatar\/54a4bcd1a68eccdda3505d7ee5d6ebb8e5dd78095a07d388940305fac2e49572?s=96&d=mm&r=g","url":"https:\/\/secure.gravatar.com\/avatar\/54a4bcd1a68eccdda3505d7ee5d6ebb8e5dd78095a07d388940305fac2e49572?s=96&d=mm&r=g","contentUrl":"https:\/\/secure.gravatar.com\/avatar\/54a4bcd1a68eccdda3505d7ee5d6ebb8e5dd78095a07d388940305fac2e49572?s=96&d=mm&r=g","caption":"mallorcaglobal"},"sameAs":["http:\/\/reciclajesymetalesperez.com"],"url":"https:\/\/reciclajesymetalesperez.com\/en\/author\/mallorcaglobal"}]}},"_links":{"self":[{"href":"https:\/\/reciclajesymetalesperez.com\/en\/wp-json\/wp\/v2\/posts\/5192","targetHints":{"allow":["GET"]}}],"collection":[{"href":"https:\/\/reciclajesymetalesperez.com\/en\/wp-json\/wp\/v2\/posts"}],"about":[{"href":"https:\/\/reciclajesymetalesperez.com\/en\/wp-json\/wp\/v2\/types\/post"}],"author":[{"embeddable":true,"href":"https:\/\/reciclajesymetalesperez.com\/en\/wp-json\/wp\/v2\/users\/1"}],"replies":[{"embeddable":true,"href":"https:\/\/reciclajesymetalesperez.com\/en\/wp-json\/wp\/v2\/comments?post=5192"}],"version-history":[{"count":3,"href":"https:\/\/reciclajesymetalesperez.com\/en\/wp-json\/wp\/v2\/posts\/5192\/revisions"}],"predecessor-version":[{"id":5195,"href":"https:\/\/reciclajesymetalesperez.com\/en\/wp-json\/wp\/v2\/posts\/5192\/revisions\/5195"}],"wp:featuredmedia":[{"embeddable":true,"href":"https:\/\/reciclajesymetalesperez.com\/en\/wp-json\/wp\/v2\/media\/2834"}],"wp:attachment":[{"href":"https:\/\/reciclajesymetalesperez.com\/en\/wp-json\/wp\/v2\/media?parent=5192"}],"wp:term":[{"taxonomy":"category","embeddable":true,"href":"https:\/\/reciclajesymetalesperez.com\/en\/wp-json\/wp\/v2\/categories?post=5192"},{"taxonomy":"post_tag","embeddable":true,"href":"https:\/\/reciclajesymetalesperez.com\/en\/wp-json\/wp\/v2\/tags?post=5192"}],"curies":[{"name":"wp","href":"https:\/\/api.w.org\/{rel}","templated":true}]}}